[{"@context":"https:\/\/schema.org\/","@type":"Article","@id":"https:\/\/www.martilla.cz\/vyuzijte-virtualni-kancelare-k-prohlidce-mesta\/#Article","mainEntityOfPage":"https:\/\/www.martilla.cz\/vyuzijte-virtualni-kancelare-k-prohlidce-mesta\/","headline":"Vyu\u017eijte virtu\u00e1ln\u00ed kancel\u00e1\u0159e k prohl\u00eddce m\u011bsta","name":"Vyu\u017eijte virtu\u00e1ln\u00ed kancel\u00e1\u0159e k prohl\u00eddce m\u011bsta","description":"Pl\u00e1nujete nahl\u00e1\u0161en\u00ed virtu\u00e1ln\u00edho s\u00eddla firmy v Praze, proto\u017ee v\u00e1m p\u0159ipad\u00e1, \u017ee d\u00edky tomu budete m\u00edt v\u011bt\u0161\u00ed klid na podnik\u00e1n\u00ed? Pra\u017esk\u00e1 anonymita skute\u010dn\u011b umo\u017e\u0148uje m\u00edt tu&hellip;","datePublished":"2024-06-15","dateModified":"2024-06-15","author":{"@type":"Person","@id":"https:\/\/www.martilla.cz\/author\/#Person","name":"","url":"https:\/\/www.martilla.cz\/author\/","identifier":1,"image":{"@type":"ImageObject","@id":"https:\/\/secure.gravatar.com\/avatar\/f7320ca526354d2794ceb75173050bfa147af8617816df401a16569341b5fbaf?s=96&d=mm&r=g","url":"https:\/\/secure.gravatar.com\/avatar\/f7320ca526354d2794ceb75173050bfa147af8617816df401a16569341b5fbaf?s=96&d=mm&r=g","height":96,"width":96}},"publisher":{"@type":"Organization","name":"martilla.cz","logo":{"@type":"ImageObject","@id":"\/logo.png","url":"\/logo.png","width":600,"height":60}},"image":{"@type":"ImageObject","@id":"https:\/\/www.martilla.cz\/wp-content\/uploads\/prague-4582398_640.jpg","url":"https:\/\/www.martilla.cz\/wp-content\/uploads\/prague-4582398_640.jpg","height":0,"width":0},"url":"https:\/\/www.martilla.cz\/vyuzijte-virtualni-kancelare-k-prohlidce-mesta\/","about":["Podnik\u00e1n\u00ed"],"wordCount":443,"articleBody":"   Pl\u00e1nujete nahl\u00e1\u0161en\u00ed virtu\u00e1ln\u00edho s\u00eddla firmy v Praze, proto\u017ee v\u00e1m p\u0159ipad\u00e1, \u017ee d\u00edky tomu budete m\u00edt v\u011bt\u0161\u00ed klid na podnik\u00e1n\u00ed? Pra\u017esk\u00e1 anonymita skute\u010dn\u011b umo\u017e\u0148uje m\u00edt tu pot\u0159ebn\u00e9 soukrom\u00ed, co\u017e m\u016f\u017ee b\u00fdt probl\u00e9m u s\u00eddel nahl\u00e1\u0161en\u00fdch v m\u00edst\u011b bydli\u0161t\u011b, v Praze v\u00e1s nikdo nezn\u00e1 a vy se tak d\u00edky tomu budete l\u00e9pe soust\u0159edit na svou pr\u00e1ci a v\u00e1\u0161 podnikatelsk\u00fd z\u00e1m\u011br. Sou\u010d\u00e1st\u00ed virtu\u00e1ln\u00edch kancel\u00e1\u0159\u00ed Profi s\u00eddla jsou tak\u00e9 zasedac\u00ed m\u00edstnosti, kancel\u00e1\u0159e s toaletou a kuchy\u0148kou, kde m\u016f\u017eete se sv\u00fdmi spolupracovn\u00edky a partnery vy\u0159izovat ve\u0161kerou administrativn\u00ed agendu, a v tomto reprezentativn\u00edm prost\u0159ed\u00ed se v\u00e1m tak\u00e9 bude l\u00e9pe p\u0159em\u00fd\u0161let nad strategi\u00ed dal\u0161\u00edho firemn\u00edho rozvoje. Vhodn\u011b vybaven\u00e9 kancel\u00e1\u0159sk\u00e9 prostory v\u0161ak nejsou jedin\u00fdm zdrojem, kter\u00fd v\u00e1m bude napom\u00e1hat ve va\u0161\u00ed tv\u016fr\u010d\u00ed \u010dinnosti, skv\u011bl\u00fdm pomocn\u00edkem je i samotn\u00e1 Praha. Te\u010f se mo\u017en\u00e1 zaraz\u00edte, proto\u017ee v\u00e1m Praha nep\u0159ipad\u00e1 jako n\u011bco extra zaj\u00edmav\u00e9ho, v\u017edy\u0165 je to velkom\u011bsto pln\u00e9 lid\u00ed, v\u0161ude spousta aut, chaos, zmatek, smog a stres. Mus\u00edte se ale na to d\u00edvat z jin\u00e9ho \u00fahlu pohledu, proto\u017ee v Praze se daj\u00ed objevit m\u00edsta, kde si budete p\u0159ipadat l\u00e9pe, ne\u017e na dovolen\u00e9 v hor\u00e1ch. M\u016f\u017eete se o tom snadno p\u0159esv\u011bd\u010dit sami a vz\u00edt s sebou va\u0161e partnery, s nimi\u017e jste pr\u00e1v\u011b podepsali smlouvu o spolupr\u00e1ci, anebo se teprve chyst\u00e1te j\u00ed podepsat a hod\u00ed se v\u00e1m vhodn\u00e9 psychick\u00e9 nalad\u011bn\u00ed.Letensk\u00e9 sady \u2013 zn\u00e1te film \u201eTen svetr si nesvl\u00edkej\u201c? Zuzana Byd\u017eovsk\u00e1 a Mirek Vladyka se obj\u00edmaj\u00ed pr\u00e1v\u011b zde p\u0159i pohledu na mostn\u00ed vltavskou kask\u00e1du, odkud je skute\u010dn\u011b \u00fachvatn\u00fd pohled. Nenechte si uj\u00edt toto m\u00edsto alespo\u0148 na kr\u00e1tkou proch\u00e1zku.Paruk\u00e1\u0159ka \u2013 nep\u0159\u00edli\u0161 zn\u00e1m\u00fd park na \u017di\u017ekov\u011b v\u00e1m nab\u00eddne p\u0159ekr\u00e1sn\u00fd pohled na Prahu a za slune\u010dn\u00e9ho po\u010das\u00ed tu m\u016f\u017eete dojednat i rozs\u00e1hlou firemn\u00ed spolupr\u00e1ci. Je to velmi zaj\u00edmav\u00e9 a energeticky nabit\u00e9 m\u00edsto.Za lukost\u0159elbou na St\u0159eleck\u00fd ostrov \u2013 kdy\u017e St\u0159eleck\u00fd ostrov, tak st\u0159elba z luku. Kr\u00e1sn\u00e9 odreagov\u00e1n\u00ed a moc hezk\u00fd v\u00fdhled na ob\u011b strany Vltavy. B\u011b\u017ete sem ale jen se Sluncem nad hlavou, kter\u00e9 zbarv\u00ed \u0159\u00ed\u010dn\u00ed hladinu do blankytn\u011b modr\u00e9 barvy.                                                                                                                                                                                                                                                                                                                                                                                           3.6\/5 - (7 votes)        "},{"@context":"https:\/\/schema.org\/","@type":"BreadcrumbList","itemListElement":[{"@type":"ListItem","position":1,"name":"Vyu\u017eijte virtu\u00e1ln\u00ed kancel\u00e1\u0159e k prohl\u00eddce m\u011bsta","item":"https:\/\/www.martilla.cz\/vyuzijte-virtualni-kancelare-k-prohlidce-mesta\/#breadcrumbitem"}]}]