[{"@context":"https:\/\/schema.org\/","@type":"Article","@id":"https:\/\/www.martilla.cz\/vlastni-bazen-je-nade-vse\/#Article","mainEntityOfPage":"https:\/\/www.martilla.cz\/vlastni-bazen-je-nade-vse\/","headline":"Vlastn\u00ed baz\u00e9n je nade v\u0161e","name":"Vlastn\u00ed baz\u00e9n je nade v\u0161e","description":"Mnoho z n\u00e1s lid\u00ed nesn\u00e1\u0161\u00ed pr\u00e1v\u011b bezprobl\u00e9mov\u011b extr\u00e9mn\u011bj\u0161\u00ed v\u00fdkyvy teplot. Kdy\u017e je venku zima, nejrad\u011bji bychom neopustili sv\u016fj p\u0159\u00edbytek a z\u016fstali zalezl\u00ed za kamny, a&hellip;","datePublished":"2024-05-10","dateModified":"2024-06-10","author":{"@type":"Person","@id":"https:\/\/www.martilla.cz\/author\/#Person","name":"","url":"https:\/\/www.martilla.cz\/author\/","identifier":1,"image":{"@type":"ImageObject","@id":"https:\/\/secure.gravatar.com\/avatar\/f7320ca526354d2794ceb75173050bfa147af8617816df401a16569341b5fbaf?s=96&d=mm&r=g","url":"https:\/\/secure.gravatar.com\/avatar\/f7320ca526354d2794ceb75173050bfa147af8617816df401a16569341b5fbaf?s=96&d=mm&r=g","height":96,"width":96}},"publisher":{"@type":"Organization","name":"martilla.cz","logo":{"@type":"ImageObject","@id":"\/logo.png","url":"\/logo.png","width":600,"height":60}},"image":{"@type":"ImageObject","@id":"https:\/\/www.martilla.cz\/wp-content\/uploads\/bbbbbbbbbbbbbbbbbbbbb_2.jpg","url":"https:\/\/www.martilla.cz\/wp-content\/uploads\/bbbbbbbbbbbbbbbbbbbbb_2.jpg","height":0,"width":0},"url":"https:\/\/www.martilla.cz\/vlastni-bazen-je-nade-vse\/","about":["N\u00e1kupy"],"wordCount":423,"articleBody":"   Mnoho z n\u00e1s lid\u00ed nesn\u00e1\u0161\u00ed pr\u00e1v\u011b bezprobl\u00e9mov\u011b extr\u00e9mn\u011bj\u0161\u00ed v\u00fdkyvy teplot. Kdy\u017e je venku zima, nejrad\u011bji bychom neopustili sv\u016fj p\u0159\u00edbytek a z\u016fstali zalezl\u00ed za kamny, a kdy\u017e je venku pro zm\u011bnu horko, zase n\u00e1s to ven net\u00e1hne, proto\u017ee jsme v tu r\u00e1nu zpocen\u00ed a lepkav\u00ed a nec\u00edt\u00edme se zrovna nejl\u00e9pe.Ale my lid\u00e9 jsme vynal\u00e9zav\u00ed tvorov\u00e9. A tak jsme u\u017e za d\u00e1vn\u00fdch dob p\u0159i\u0161li na to, \u017ee n\u00e1m v zim\u011b pomohou dejme tomu k\u016f\u017ee uloven\u00fdch zv\u00ed\u0159at, z nich\u017e se pozd\u011bji vyvinulo oble\u010den\u00ed, a k ochlazen\u00ed se n\u00e1m dob\u0159e poslou\u017e\u00ed koup\u00e1n\u00ed ve vod\u011b, co\u017e je z\u00e1le\u017eitost, ve kter\u00e9 jsme tak\u00e9 v pr\u016fb\u011bhu d\u011bjinn\u00e9ho v\u00fdvoje dos\u00e1hli v\u00fdznamn\u00e9ho pokroku.A proto\u017ee se n\u00e1m bl\u00ed\u017e\u00ed l\u00e9to, vynechejme nyn\u00ed mrazy a soust\u0159e\u010fme se na to, co n\u00e1s \u010dek\u00e1, tedy na enormn\u00ed teploty. Ty stejn\u011b jako kdysi m\u016f\u017eeme snadno zvl\u00e1dnout, pokud si zajdeme n\u011bkam k vod\u011b, abychom se v n\u00ed osv\u011b\u017eili. Ale chodit n\u011bkam k rybn\u00edku, jezeru nebo \u0159ece u\u017e dnes nen\u00ed nejlep\u0161\u00ed volbou. Voda i dal\u0161\u00ed podm\u00ednky tam maj\u00ed daleko k dokonalosti. Daleko lep\u0161\u00ed je po\u0159\u00eddit si sv\u016fj vlastn\u00ed baz\u00e9n. Vlastn\u00ed baz\u00e9n si m\u016f\u017eeme uchov\u00e1vat v\u017edy \u010dist\u00fd a je hlavn\u011b n\u00e1\u0161, tak\u017ee si do n\u011bj m\u016f\u017eeme vl\u00e9zt kdykoliv a m\u016f\u017eeme se sami rozhodnout, koho si tam p\u0159\u00edpadn\u011b pozveme a koho ne. A pr\u00e1v\u011b proto se t\u011b\u0161\u00ed ov\u00e1ln\u00e9 baz\u00e9ny takov\u00e9 oblib\u011b, proto je u n\u00e1s u\u017e tolik lid\u00ed, kte\u0159\u00ed n\u011bco takov\u00e9ho na sv\u00e9m pozemku maj\u00ed. A pat\u0159\u00edte k nim i vy? Jestli ne, nevad\u00ed. M\u016f\u017eete to toti\u017e snadno zm\u011bnit. Takov\u00e9 baz\u00e9ny se nab\u00edzej\u00ed komukoliv z n\u00e1s. Kdo chce, snadno si vybere a po\u0159\u00edd\u00ed pr\u00e1v\u011b ten prav\u00fd. A to je pak v l\u00e9t\u011b velk\u00e1 v\u00fdhoda. Jak v\u011bd\u00ed v\u0161ichni, kdo nemaj\u00ed voln\u011b dostupnou vodu ke koup\u00e1n\u00ed k dispozici nebo jim vad\u00ed jej\u00ed ne\u010distota nebo t\u0159eba p\u0159\u00edli\u0161 mnoho lid\u00ed kolem.U\u017e zanedlouho pozn\u00e1te, jak je takov\u00fd baz\u00e9n pro n\u00e1s lidi d\u016fle\u017eit\u00fd. U\u017e brzy tu bude letn\u00ed horko. A jestli pak takov\u00fd baz\u00e9n nebudete vlastnit, budu v\u00e1s up\u0159\u00edmn\u011b litovat. To mi v\u011b\u0159te.                                                                                                                                                                                                                                                                                                                                                                                          4.4\/5 - (11 votes)        "},{"@context":"https:\/\/schema.org\/","@type":"BreadcrumbList","itemListElement":[{"@type":"ListItem","position":1,"name":"Vlastn\u00ed baz\u00e9n je nade v\u0161e","item":"https:\/\/www.martilla.cz\/vlastni-bazen-je-nade-vse\/#breadcrumbitem"}]}]