[{"@context":"https:\/\/schema.org\/","@type":"Article","@id":"https:\/\/www.martilla.cz\/proc-jsou-v-soucasne-dobe-takove-problemy-s-migraci\/#Article","mainEntityOfPage":"https:\/\/www.martilla.cz\/proc-jsou-v-soucasne-dobe-takove-problemy-s-migraci\/","headline":"Pro\u010d jsou v sou\u010dasn\u00e9 dob\u011b takov\u00e9 probl\u00e9my s migrac\u00ed","name":"Pro\u010d jsou v sou\u010dasn\u00e9 dob\u011b takov\u00e9 probl\u00e9my s migrac\u00ed","description":"Nen\u00ed pochyb o tom, \u017ee migrace je v\u00a0posledn\u00ed dob\u011b velk\u00fdm probl\u00e9mem, a\u0165 u\u017e ta leg\u00e1ln\u00ed \u010di neleg\u00e1ln\u00ed. Jist\u011b, u n\u00e1s to nen\u00ed a\u017e tak viditeln\u00e9,&hellip;","datePublished":"2024-06-03","dateModified":"2024-06-04","author":{"@type":"Person","@id":"https:\/\/www.martilla.cz\/author\/#Person","name":"","url":"https:\/\/www.martilla.cz\/author\/","identifier":1,"image":{"@type":"ImageObject","@id":"https:\/\/secure.gravatar.com\/avatar\/f7320ca526354d2794ceb75173050bfa147af8617816df401a16569341b5fbaf?s=96&d=mm&r=g","url":"https:\/\/secure.gravatar.com\/avatar\/f7320ca526354d2794ceb75173050bfa147af8617816df401a16569341b5fbaf?s=96&d=mm&r=g","height":96,"width":96}},"publisher":{"@type":"Organization","name":"martilla.cz","logo":{"@type":"ImageObject","@id":"\/logo.png","url":"\/logo.png","width":600,"height":60}},"image":{"@type":"ImageObject","@id":"https:\/\/www.martilla.cz\/wp-content\/uploads\/migrace1.jpg","url":"https:\/\/www.martilla.cz\/wp-content\/uploads\/migrace1.jpg","height":0,"width":0},"url":"https:\/\/www.martilla.cz\/proc-jsou-v-soucasne-dobe-takove-problemy-s-migraci\/","about":["Kultura"],"wordCount":455,"articleBody":"Nen\u00ed pochyb o tom, \u017ee migrace je v\u00a0posledn\u00ed dob\u011b velk\u00fdm probl\u00e9mem, a\u0165 u\u017e ta leg\u00e1ln\u00ed \u010di neleg\u00e1ln\u00ed. Jist\u011b, u n\u00e1s to nen\u00ed a\u017e tak viditeln\u00e9, nebo\u0165 jsme sp\u00ed\u0161e p\u0159estupn\u00ed zem\u00ed. V\u011bt\u0161ina migrant\u016f m\u00ed\u0159\u00ed p\u0159edev\u0161\u00edm do N\u011bmecka, Francie \u010di Velk\u00e9 Brit\u00e1nie. A zde pr\u00e1v\u011b vid\u00edme nejv\u00edce probl\u00e9m\u016f.\u00a0Je lehk\u00e9 si myslet, \u017ee se n\u00e1s to a\u017e tak net\u00fdk\u00e1. To v\u0161ak nen\u00ed pravda. A\u017e budou v\u00fd\u0161e zm\u00edn\u011bn\u00e9 z\u00e1padn\u00ed zem\u011b p\u0159esyceny, p\u0159\u00edpadn\u011b p\u0159ijmou opat\u0159en\u00ed a zak\u00e1\u017eou p\u0159\u00edchod dal\u0161\u00edm cizinc\u016fm, pak se nejsp\u00ed\u0161e za\u010dnou usidlovat i u n\u00e1s. Je tedy dobr\u00e9 se pod\u00edvat, pro\u010d tedy takov\u00e9 probl\u00e9my vznikaj\u00ed.\u00a0V\u00a0prvn\u00ed \u0159ad\u011b je to samoz\u0159ejm\u011b st\u0159et dvou naprosto odli\u0161n\u00fdch kultur, kdy ka\u017ed\u00e1 z\u00a0nich bojuje o sv\u00e9 m\u00edsto na slunci a o to b\u00fdt ta dominantn\u00ed. To samoz\u0159ejm\u011b vede k\u00a0probl\u00e9m\u016fm, kdy si ob\u011b strany p\u0159ipadaj\u00ed ohro\u017eeny tou druhou, a\u0165 u\u017e opr\u00e1vn\u011bn\u011b \u010di nikoliv. Jak\u00e9 je tedy \u0159e\u0161en\u00ed?\u00a0\u00a0Za prv\u00e9 mus\u00edme vz\u00edt na v\u011bdom\u00ed, \u017ee p\u0159\u00edchoz\u00ed by se m\u011bli p\u0159izp\u016fsobit z\u00e1kon\u016fm a zvyk\u016fm nov\u00e9 zem\u011b, do kter\u00e9 p\u0159ich\u00e1z\u00ed, a respektovat je. To ostatn\u011b plat\u00ed pro jak\u00e9hokoliv n\u00e1v\u0161t\u011bvn\u00edka ciz\u00ed zem\u011b, bez ohledu na to, zda p\u0159ij\u00ed\u017ed\u00ed jen ze sousedn\u00edho st\u00e1tu na n\u00e1kup \u010di prchaj\u00ed p\u0159ed v\u00e1lkou a cht\u011bj\u00ed se zde usadit.\u00a0Samoz\u0159ejm\u011b je ot\u00e1zka, co d\u011blat, pokud dan\u00e9 z\u00e1kony jsou v\u00a0konfliktu s\u00a0kulturou on\u011bch lid\u00ed a jejich zvyky. V\u00a0takov\u00e9m p\u0159\u00edpad\u011b by v\u0161ak m\u011bly dostat p\u0159ednost z\u00e1kony on\u00e9 zem\u011b, a p\u0159\u00edchoz\u00ed by se m\u011bl p\u0159izp\u016fsobit. Bohu\u017eel ne v\u0161ichni jsou ochotni se tomu p\u0159izp\u016fsobit. V\u00a0takov\u00e9m p\u0159\u00edpad\u011b by v\u0161ak m\u011bl b\u00fdt onen \u010dlov\u011bk vyho\u0161t\u011bn.\u00a0\u00a0Ov\u0161em odli\u0161n\u00e1 kultura nen\u00ed v\u0161e. Je pot\u0159eba si tak\u00e9 uv\u011bdomit, \u017ee tito lid\u00e9 jsou \u010dasto ve velmi \u0161patn\u00e9 situaci, a maj\u00ed strach o budoucnost. Nen\u00ed tedy divu, \u017ee se budou siln\u011b br\u00e1nit jak\u00e9mukoliv, by\u0165 jen p\u0159edpokl\u00e1dan\u00e9mu, ohro\u017een\u00ed. Ur\u010dit\u00e1 m\u00edra pochopen\u00ed je tedy tak\u00e9 pot\u0159eba.\u00a0Samoz\u0159ejm\u011b, nen\u00ed to probl\u00e9m, kter\u00fd lze vy\u0159e\u0161it snadno a bez mezin\u00e1rodn\u00ed spolupr\u00e1ce. Na\u0161t\u011bst\u00ed se zd\u00e1, \u017ee v\u00a0tomto ohledu se ji\u017e ledy za\u010d\u00ednaj\u00ed h\u00fdbat. Uvid\u00edme jen, kter\u00fdm sm\u011brem popluj\u00ed.                                                                                                                                                                                                                                                                                                                                                                                        4\/5 - (8 votes)        "},{"@context":"https:\/\/schema.org\/","@type":"BreadcrumbList","itemListElement":[{"@type":"ListItem","position":1,"name":"Pro\u010d jsou v sou\u010dasn\u00e9 dob\u011b takov\u00e9 probl\u00e9my s migrac\u00ed","item":"https:\/\/www.martilla.cz\/proc-jsou-v-soucasne-dobe-takove-problemy-s-migraci\/#breadcrumbitem"}]}]