[{"@context":"https:\/\/schema.org\/","@type":"Article","@id":"https:\/\/www.martilla.cz\/proc-je-pro-nas-krasa-tak-dulezita\/#Article","mainEntityOfPage":"https:\/\/www.martilla.cz\/proc-je-pro-nas-krasa-tak-dulezita\/","headline":"Pro\u010d je pro n\u00e1s kr\u00e1sa tak d\u016fle\u017eit\u00e1","name":"Pro\u010d je pro n\u00e1s kr\u00e1sa tak d\u016fle\u017eit\u00e1","description":"Mnoho lid\u00ed by odsoudilo vyhled\u00e1v\u00e1n\u00ed kr\u00e1sy jako n\u011bco povrchn\u00edho. Koneckonc\u016f i mnoh\u00e1 p\u0159\u00edslov\u00ed hovo\u0159\u00ed o tom, \u017ee bychom nem\u011bli hled\u011bt na obal, ale na to,&hellip;","datePublished":"2023-12-31","dateModified":"2023-12-31","author":{"@type":"Person","@id":"https:\/\/www.martilla.cz\/author\/#Person","name":"","url":"https:\/\/www.martilla.cz\/author\/","identifier":1,"image":{"@type":"ImageObject","@id":"https:\/\/secure.gravatar.com\/avatar\/f7320ca526354d2794ceb75173050bfa147af8617816df401a16569341b5fbaf?s=96&d=mm&r=g","url":"https:\/\/secure.gravatar.com\/avatar\/f7320ca526354d2794ceb75173050bfa147af8617816df401a16569341b5fbaf?s=96&d=mm&r=g","height":96,"width":96}},"publisher":{"@type":"Organization","name":"martilla.cz","logo":{"@type":"ImageObject","@id":"\/logo.png","url":"\/logo.png","width":600,"height":60}},"image":{"@type":"ImageObject","@id":"https:\/\/www.martilla.cz\/wp-content\/uploads\/krasa2_3.jpg","url":"https:\/\/www.martilla.cz\/wp-content\/uploads\/krasa2_3.jpg","height":0,"width":0},"url":"https:\/\/www.martilla.cz\/proc-je-pro-nas-krasa-tak-dulezita\/","about":["Kr\u00e1sa"],"wordCount":434,"articleBody":"Mnoho lid\u00ed by odsoudilo vyhled\u00e1v\u00e1n\u00ed kr\u00e1sy jako n\u011bco povrchn\u00edho. Koneckonc\u016f i mnoh\u00e1 p\u0159\u00edslov\u00ed hovo\u0159\u00ed o tom, \u017ee bychom nem\u011bli hled\u011bt na obal, ale na to, jak\u00e1 je dan\u00e1 v\u011bc uvnit\u0159. Ov\u0161em navzdory tomu lid\u00e9 ji\u017e od po\u010d\u00e1tku v\u011bk\u016f vyhled\u00e1vaj\u00ed to, co je kr\u00e1sn\u00e9, p\u0159\u00edpadn\u011b se sna\u017e\u00ed v\u0161e kolem sebe (a samoz\u0159ejm\u011b i sebe sam\u00e9) zkr\u00e1\u0161lit.\u00a0To n\u00e1s p\u0159iv\u00e1d\u00ed k\u00a0ot\u00e1zce, pro\u010d tomu tak je. Zvl\u00e1\u0161t\u011b \u017eeny jsou ochotny utratit velk\u00e9 \u010d\u00e1stky, jen aby ony a jejich domov vypadaly p\u011bkn\u011b. Vzhled je tak\u00e9 to, na co se jako prvn\u00ed d\u00edv\u00e1me u potenci\u00e1ln\u00edho partnera (i kdy\u017e zde je to proto, \u017ee je to v\u00a0podstat\u011b to prvn\u00ed, \u010deho si na n\u011bm m\u016f\u017eeme v\u0161imnout). Nen\u00ed tedy pochyb, \u017ee pro n\u00e1s m\u00e1 podv\u011bdom\u011b velkou d\u016fle\u017eitost. Z\u00a0jak\u00e9ho ale d\u016fvodu?\u00a0\u00a0T\u00edm hlavn\u00edm je to, \u017ee je to dobr\u00e9 pro na\u0161i psychiku. Pokud jsme obklopeni t\u00edm, co se n\u00e1m l\u00edb\u00ed, pak se mnohem snadn\u011bji uvoln\u00edme a budeme i l\u00e9pe relaxovat. T\u00edm si i v\u00edce odpo\u010dineme. Tak\u00e9 to p\u016fsob\u00ed pozitivn\u011b na na\u0161i n\u00e1ladu. Je to ostatn\u011b tak\u00e9 d\u016fvod, pro\u010d na dovolenou vyb\u00edr\u00e1me takov\u00e9 destinace, kter\u00e9 se n\u00e1m l\u00edb\u00ed vzhledov\u011b.\u00a0D\u00e1le je tu fakt, \u017ee se t\u00edm sna\u017e\u00edme zap\u016fsobit i na ostatn\u00ed. Chceme vypadat co nejl\u00e9pe, nebo\u0165 v\u00a0minulosti to v\u017edy bylo privilegium vy\u0161\u0161\u00edch soci\u00e1ln\u00edch vrstev. Jednodu\u0161e \u0159e\u010deno, chceme uk\u00e1zat, jak dob\u0159e na tom jsme. Z\u00e1rove\u0148 t\u00edm tak\u00e9 vytv\u00e1\u0159\u00edme vhodnou uvoln\u011bnou a \u00fatulnou atmosf\u00e9ru.\u00a0\u00a0Pokud jde o zkr\u00e1\u0161lov\u00e1n\u00ed sebe sama (kter\u00e9 pozorujeme i u mu\u017e\u016f, by\u0165 to mnoz\u00ed pop\u00edraj\u00ed \u2013 to je ostatn\u011b d\u016fvod, pro\u010d se nap\u0159\u00edklad hol\u00ed, p\u0159\u00edpadn\u011b si berou vhodn\u00e9 oble\u010den\u00ed), pak zde se sna\u017e\u00edme co nejv\u00edce zap\u016fsobit na potenci\u00e1ln\u00edho partnera. A kdy\u017e u\u017e partnera m\u00e1me? St\u00e1le n\u00e1m d\u00e1v\u00e1 dobr\u00fd pocit, \u017ee jsme st\u00e1le \u017e\u00e1douc\u00ed, a \u017ee kdyby to nevy\u0161lo, m\u00e1me je\u0161t\u011b na v\u00fdb\u011br. Dod\u00e1v\u00e1 n\u00e1m to sebev\u011bdom\u00ed, kter\u00e9 v\u00a0dne\u0161n\u00ed dob\u011b pot\u0159ebujeme. Bez n\u011bj dnes fungovat v\u00a0podstat\u011b nelze. Jist\u011b, je to \u0161koda, av\u0161ak takov\u00e1 u\u017e je doba. A obl\u00e9knout si n\u011bco p\u011bkn\u00e9ho n\u00e1m v\u00a0tom jen pom\u016f\u017ee.                                                                                                                                                                                                                                                                                                                                                                                        3.2\/5 - (5 votes)        "},{"@context":"https:\/\/schema.org\/","@type":"BreadcrumbList","itemListElement":[{"@type":"ListItem","position":1,"name":"Pro\u010d je pro n\u00e1s kr\u00e1sa tak d\u016fle\u017eit\u00e1","item":"https:\/\/www.martilla.cz\/proc-je-pro-nas-krasa-tak-dulezita\/#breadcrumbitem"}]}]