[{"@context":"https:\/\/schema.org\/","@type":"Article","@id":"https:\/\/www.martilla.cz\/prace-na-poste\/#Article","mainEntityOfPage":"https:\/\/www.martilla.cz\/prace-na-poste\/","headline":"Pr\u00e1ce na po\u0161t\u011b","name":"Pr\u00e1ce na po\u0161t\u011b","description":"I kdy\u017e jsem je\u0161t\u011b p\u0159ed p\u011bti lety pracovala na po\u0161t\u011b, tak jsme tam m\u011bli opravdu hodn\u011b zbo\u017e\u00ed. M\u011bli jsme tam nejenom obalov\u00fd materi\u00e1l, a tak&hellip;","datePublished":"2024-02-27","dateModified":"2024-02-27","author":{"@type":"Person","@id":"https:\/\/www.martilla.cz\/author\/#Person","name":"","url":"https:\/\/www.martilla.cz\/author\/","identifier":1,"image":{"@type":"ImageObject","@id":"https:\/\/secure.gravatar.com\/avatar\/f7320ca526354d2794ceb75173050bfa147af8617816df401a16569341b5fbaf?s=96&d=mm&r=g","url":"https:\/\/secure.gravatar.com\/avatar\/f7320ca526354d2794ceb75173050bfa147af8617816df401a16569341b5fbaf?s=96&d=mm&r=g","height":96,"width":96}},"publisher":{"@type":"Organization","name":"martilla.cz","logo":{"@type":"ImageObject","@id":"\/logo.png","url":"\/logo.png","width":600,"height":60}},"image":{"@type":"ImageObject","@id":"https:\/\/www.martilla.cz\/wp-content\/uploads\/envelope-2575253_1280.jpg","url":"https:\/\/www.martilla.cz\/wp-content\/uploads\/envelope-2575253_1280.jpg","height":0,"width":0},"url":"https:\/\/www.martilla.cz\/prace-na-poste\/","about":["N\u00e1kupy"],"wordCount":424,"articleBody":"   I kdy\u017e jsem je\u0161t\u011b p\u0159ed p\u011bti lety pracovala na po\u0161t\u011b, tak jsme tam m\u011bli opravdu hodn\u011b zbo\u017e\u00ed. M\u011bli jsme tam nejenom obalov\u00fd materi\u00e1l, a tak je v\u00fdpl\u0148ov\u00fd materi\u00e1l, ale tak\u00e9 r\u016fzn\u00e9 ob\u00e1lky a byly to r\u016fzn\u00e9 ob\u00e1lky, kter\u00e9 m\u011bly r\u016fznou velikost a tak\u00e9 r\u016fzn\u00fd materi\u00e1l. \u0158ekla jsem si, \u017ee kdybych potom nepracovala na po\u0161t\u011b, \u017ee bych cht\u011bla ale pracovat tak\u00e9 v n\u011bjak\u00e9m podobn\u00e9m odv\u011btv\u00ed. M\u011b by bavilo pracovat zase hlavn\u011b po\u0161t\u011b a v po\u0161tovn\u00edch slu\u017eb\u00e1ch. U n\u00e1s na po\u0161t\u011b jsme tak\u00e9 prod\u00e1vali ob\u00e1lky, a to nap\u0159\u00edklad plastov\u00e9 ob\u00e1lky a ob\u00e1lky pap\u00edrov\u00e9. Maj\u00ed r\u016fzn\u00fd rozm\u011br. Nap\u0159\u00edklad plastov\u00e1 ob\u00e1lka 60 MY 450&#215;550 mm 2pack.cz je perfektn\u00ed a byla nejvyhled\u00e1van\u011bj\u0161\u00edm artiklem u n\u00e1s na po\u0161t\u011b. Pokud ale t\u0159eba po\u0161tu m\u00e1te daleko a pot\u0159ebujete plastovou ob\u00e1lku, tak se zkuste pod\u00edvat tak\u00e9 na webov\u00e9 str\u00e1nky 2pack.cz, kde jsou ob\u00e1lky a tak\u00e9 plastov\u00e9 ob\u00e1lky. Jsou tedy r\u016fzn\u00e9 ob\u00e1lky, kter\u00e9 se v\u00e1m budou hodit a mysl\u00edm si, \u017ee vy si ur\u010dit\u011b vyberete. Kdy\u017e najedete tyto webov\u00e9 str\u00e1nky, kter\u00e9 jsou velice p\u0159ehledn\u00e9, tak tak\u00e9 samoz\u0159ejm\u011b m\u016f\u017eete kontaktovat firmu. Plastov\u00e1 ob\u00e1lka je skv\u011bl\u00e1 v tom, \u017ee je opravdu hodn\u011b odoln\u00e1 a nezasko\u010d\u00ed ji ani vlhk\u00e9 prost\u0159ed\u00ed. Jednou jsem balila dopis do pap\u00edrov\u00e9 ob\u00e1lky a v\u011b\u0159te, nebo ne, zrovna byla takov\u00e1 sm\u016fla a pr\u0161elo, \u017ee jednozna\u010dn\u011b pan\u00ed doru\u010dovatelka na po\u0161t\u011b zazmatkovala a tohle psan\u00ed spadlo do kalu\u017einy. A dopadlo to hrozn\u011b.Proto od t\u00e9 doby d\u00e1v\u00e1m p\u0159ednost plastov\u00fdm ob\u00e1lk\u00e1m. A je hodn\u011b lid\u00ed, kte\u0159\u00ed pr\u00e1v\u011b d\u00e1vaj\u00ed v posledn\u00ed dob\u011b p\u0159ednost plastov\u00fdm ob\u00e1lk\u00e1m. Sice je to jenom na jednor\u00e1zov\u00e9 pou\u017eit\u00ed, ale j\u00e1 kolikr\u00e1t t\u0159eba v\u017edycky plastov\u00e9 ob\u00e1lky tak\u00e9 vyu\u017eiji k tomu, \u017ee do toho doma d\u00e1m potom t\u0159eba n\u011bjak\u00fd plastov\u00fd odpad a potom v\u0161echno hod\u00edm do ko\u0161e, kter\u00fd je ur\u010den\u00fd na plast. Tak\u017ee vlastn\u011b takhle alespo\u0148 plastovou ob\u00e1lku vyu\u017eiji nadvakr\u00e1t. Podle m\u00e9ho n\u00e1zoru je tohle zase ekologick\u00e9. Uvid\u00edte, \u017ee v\u00e1m plastov\u00e9 ob\u00e1lky p\u0159ijdou lep\u0161\u00ed a prakti\u010dt\u011bj\u0161\u00ed ne\u017e pap\u00edrov\u00e9.                                                                                                                                                                                                                                                                                                                                                                                           2\/5 - (1 vote)        "},{"@context":"https:\/\/schema.org\/","@type":"BreadcrumbList","itemListElement":[{"@type":"ListItem","position":1,"name":"Pr\u00e1ce na po\u0161t\u011b","item":"https:\/\/www.martilla.cz\/prace-na-poste\/#breadcrumbitem"}]}]