[{"@context":"https:\/\/schema.org\/","@type":"Article","@id":"https:\/\/www.martilla.cz\/krasne-fotografie\/#Article","mainEntityOfPage":"https:\/\/www.martilla.cz\/krasne-fotografie\/","headline":"Kr\u00e1sn\u00e9 fotografie","name":"Kr\u00e1sn\u00e9 fotografie","description":"Moc m\u011b zaj\u00edmala fotografie. R\u00e1da jsem tak\u00e9 fotografovala, proto jsem si \u0159ekla, \u017ee kdy\u017e m\u011b bav\u00ed fotografov\u00e1n\u00ed a je to m\u016fj kon\u00ed\u010dek, \u017ee bych tak\u00e9&hellip;","datePublished":"2023-09-28","dateModified":"2024-06-04","author":{"@type":"Person","@id":"https:\/\/www.martilla.cz\/author\/#Person","name":"","url":"https:\/\/www.martilla.cz\/author\/","identifier":1,"image":{"@type":"ImageObject","@id":"https:\/\/secure.gravatar.com\/avatar\/f7320ca526354d2794ceb75173050bfa147af8617816df401a16569341b5fbaf?s=96&d=mm&r=g","url":"https:\/\/secure.gravatar.com\/avatar\/f7320ca526354d2794ceb75173050bfa147af8617816df401a16569341b5fbaf?s=96&d=mm&r=g","height":96,"width":96}},"publisher":{"@type":"Organization","name":"martilla.cz","logo":{"@type":"ImageObject","@id":"\/logo.png","url":"\/logo.png","width":600,"height":60}},"image":{"@type":"ImageObject","@id":"https:\/\/www.martilla.cz\/wp-content\/uploads\/photos-256887_960_720.jpg","url":"https:\/\/www.martilla.cz\/wp-content\/uploads\/photos-256887_960_720.jpg","height":0,"width":0},"url":"https:\/\/www.martilla.cz\/krasne-fotografie\/","about":["Technika"],"wordCount":384,"articleBody":"Moc m\u011b zaj\u00edmala fotografie. R\u00e1da jsem tak\u00e9 fotografovala, proto jsem si \u0159ekla, \u017ee kdy\u017e m\u011b bav\u00ed fotografov\u00e1n\u00ed a je to m\u016fj kon\u00ed\u010dek, \u017ee bych tak\u00e9 z toho mohla ud\u011blat svou \u017eivnost. Pro\u010d bych tak\u00e9 nemohla t\u0159eba studovat fotografii? Ur\u010dit\u011b jsou r\u016fzn\u00e9 um\u011bleck\u00e9 \u0161koly, kde se u\u010d\u00ed tomu, jak spr\u00e1vn\u011b fotit anebo jak tak\u00e9 upravovat fotografie. J\u00e1 jsem tak\u00e9 zkou\u0161ela takhle laicky jenom upravovat fotografie doma, proto\u00a0jsem si \u0159ekla, \u017ee rodi\u010d\u016fm jednozna\u010dn\u011b u\u017e pov\u00edm, \u017ee nep\u016fjdu studovat ekonomickou \u0161kolu, ale \u017ee p\u016fjdu na um\u011bleckou \u0161kolu. A co t\u0159eba, kdybych byla tak\u00e9 here\u010dka ve filmu anebo tak\u00e9 divadeln\u00ed here\u010dka? To by m\u011b tak\u00e9 moc bavilo. Jenom\u017ee rodi\u010de mi \u0159ekli, kdy\u017e se tohle dozv\u011bd\u011bli, \u017ee tohle nep\u0159ipad\u00e1 v \u00favahu. Samoz\u0159ejm\u011b, \u017ee jsem si ale ud\u011blala svou hlavu a \u0161la jsem studovat um\u011bleckou \u0161kolu. Vystudovala jsem opravdu s vyznamen\u00e1n\u00edm. Moc m\u011b to bavilo a jsem r\u00e1da, \u017ee jsem dala tehdy na sebe. Potom jsem si tak\u00e9 po\u0159\u00eddila opravdu hodn\u011b kvalitn\u00ed po\u010d\u00edta\u010d, abych mohla tak\u00e9 vyvol\u00e1vat fotografie. Po\u0159\u00eddila jsem si na to r\u016fzn\u00e9 stroje a dal\u0161\u00ed n\u00e1\u010din\u00ed, abych mohla d\u011blat v\u0161echno, co jsem cht\u011bla. Kdy\u017e tohle rodi\u010de vid\u011bli, jak m\u011b tohle bav\u00ed a \u017ee se t\u00edm tak\u00e9 dok\u00e1\u017ei opravdu skv\u011ble u\u017eivit, a je\u0161t\u011b z toho u\u0161et\u0159it pen\u00edze, tak byli r\u00e1di.Potom se mi tak\u00e9 omlouvali, \u017ee necht\u011bli, aby \u0161la studovat um\u011bleckou \u0161kolu, abych si nenakoupila r\u016fznou techniku k tomu, abych mohla vyvol\u00e1vat fotografie, proto\u017ee v\u0161ichni v\u00edme, \u017ee technika na\u00a0vyvol\u00e1v\u00e1n\u00ed fotografi\u00ed anebo kvalitn\u00ed po\u010d\u00edta\u010d, tak to tak\u00e9 n\u011bco stoj\u00ed. Nen\u00ed to zadarmo. Pr\u00e1v\u011b m\u016fj kamar\u00e1d m\u00e1 tak\u00e9 opravdu perfektn\u00ed techniku na vyvol\u00e1v\u00e1n\u00ed fotografi\u00ed\u00a0anebo na \u00fapravu fotografi\u00ed a tak\u00e9 se t\u00edm \u017eiv\u00ed a s\u00e1m \u0159ekl, \u017ee ho to st\u00e1lo skoro sto dvacet tis\u00edc\u00a0korun. Proto\u010dily se mi panenky, ale i j\u00e1 m\u00e1m v pl\u00e1nu si otev\u0159\u00edt n\u011bjak\u00e9 profesion\u00e1ln\u00ed studio, kde budu vyvol\u00e1vat fotografie a tak\u00e9 upravovat fotografie.\u00a0                                                                                                                                                                                                                                                                                                                                                                                        4.1\/5 - (11 votes)        "},{"@context":"https:\/\/schema.org\/","@type":"BreadcrumbList","itemListElement":[{"@type":"ListItem","position":1,"name":"Kr\u00e1sn\u00e9 fotografie","item":"https:\/\/www.martilla.cz\/krasne-fotografie\/#breadcrumbitem"}]}]