[{"@context":"https:\/\/schema.org\/","@type":"Article","@id":"https:\/\/www.martilla.cz\/kde-vzit-auto\/#Article","mainEntityOfPage":"https:\/\/www.martilla.cz\/kde-vzit-auto\/","headline":"Kde vz\u00edt auto?","name":"Kde vz\u00edt auto?","description":"Lid\u00e9 se d\u011bl\u00ed podle r\u016fzn\u00fdch charakteristick\u00fdch rys\u016f. Nap\u0159\u00edklad i na ty, kte\u0159\u00ed maj\u00ed auto, a na ty, kte\u0159\u00ed auto nemaj\u00ed. A jak se d\u011bl\u00ed d\u00e1le&hellip;","datePublished":"2024-07-27","dateModified":"2024-07-27","author":{"@type":"Person","@id":"https:\/\/www.martilla.cz\/author\/#Person","name":"","url":"https:\/\/www.martilla.cz\/author\/","identifier":1,"image":{"@type":"ImageObject","@id":"https:\/\/secure.gravatar.com\/avatar\/f7320ca526354d2794ceb75173050bfa147af8617816df401a16569341b5fbaf?s=96&d=mm&r=g","url":"https:\/\/secure.gravatar.com\/avatar\/f7320ca526354d2794ceb75173050bfa147af8617816df401a16569341b5fbaf?s=96&d=mm&r=g","height":96,"width":96}},"publisher":{"@type":"Organization","name":"martilla.cz","logo":{"@type":"ImageObject","@id":"\/logo.png","url":"\/logo.png","width":600,"height":60}},"image":{"@type":"ImageObject","@id":"https:\/\/www.martilla.cz\/wp-content\/uploads\/aaaaaa_9.jpg","url":"https:\/\/www.martilla.cz\/wp-content\/uploads\/aaaaaa_9.jpg","height":0,"width":0},"url":"https:\/\/www.martilla.cz\/kde-vzit-auto\/","about":["Podnik\u00e1n\u00ed"],"wordCount":441,"articleBody":"   Lid\u00e9 se d\u011bl\u00ed podle r\u016fzn\u00fdch charakteristick\u00fdch rys\u016f. Nap\u0159\u00edklad i na ty, kte\u0159\u00ed maj\u00ed auto, a na ty, kte\u0159\u00ed auto nemaj\u00ed. A jak se d\u011bl\u00ed d\u00e1le ti, kdo auto nemaj\u00ed? Na ty, kte\u0159\u00ed j\u00edm tedy nejezd\u00ed, a na ty, kte\u0159\u00ed j\u00edm navzdory tomu jezd\u00ed.Je jasn\u00e9, \u017ee kdo m\u00e1 auto, m\u00e1 ho k tomu, aby se s n\u00edm vozil, a proto do n\u011bj aspo\u0148 n\u011bkdy used\u00e1. A je jasn\u00e9, \u017ee ti, kdo auto nemaj\u00ed, do n\u011bj vesm\u011bs neusedaj\u00ed, proto\u017ee nemaj\u00ed volant, za kter\u00fd by se usadili. Ale jak je mo\u017en\u00e9, \u017ee autem jezd\u00ed i ti, kdo ho nemaj\u00ed? To jenom zav\u0159ou o\u010di, d\u011blaj\u00ed brm brm a p\u0159edstavuj\u00ed si, \u017ee takov\u00e9 vozidlo \u0159\u00edd\u00ed?To ne, tak tomu nen\u00ed. I lid\u00e9 bez vlastn\u00edho auta mohou jezdit, a to skute\u010dn\u011b, ale aby to mohli d\u011blat, mus\u00ed a mohou si n\u011bkde auto p\u016fj\u010dit. A to nen\u00ed v dne\u0161n\u00ed dob\u011b na\u0161t\u011bst\u00ed nic nemo\u017en\u00e9ho. Ti, kdo by si cht\u011bli n\u011bjak\u00fd v\u016fz p\u016fj\u010dit, u\u017e nejsou odk\u00e1zan\u00ed jenom na p\u0159\u00edbuzn\u00e9 nebo kamar\u00e1dy, kte\u0159\u00ed podobn\u00e9 vozidlo vlastn\u00ed a mohli by se tedy ur\u00e1\u010dit a d\u00e1t ho doty\u010dn\u00fdm k dispozici. M\u00e1me u n\u00e1s u\u017e i dostatek autop\u016fj\u010doven, a jejich p\u0159ednost\u00ed je mimo jin\u00e9 i to, \u017ee se u nich ti, kdo pot\u0159ebuj\u00ed auto p\u016fj\u010dit, nemus\u00ed dopro\u0161ovat. Proto\u017ee se takov\u00e9 p\u016fj\u010dovny pr\u00e1v\u011b p\u016fj\u010dov\u00e1n\u00edm aut \u017eiv\u00ed a je v jejich z\u00e1jmu klient\u016fm vyhov\u011bt.A kdy\u017e je m\u00edstem, kde se m\u00e1 nach\u00e1zet takov\u00e1 p\u016fj\u010dovna auta Praha? Tak\u00e9 \u017e\u00e1dn\u00fd probl\u00e9m. Kdy\u017e jsou podobn\u00e9 p\u016fj\u010dovny v\u0161ude mo\u017en\u011b, jsou logicky i v na\u0161em hlavn\u00edm m\u011bst\u011b. A kdy\u017e se tam \u010dlov\u011bk p\u00edd\u00ed po nejv\u00fdhodn\u011bj\u0161\u00ed z nab\u00eddek a zaujme ho Autop\u016fj\u010dovna Milan, v\u011b\u0159te mi, \u017ee si vybral spr\u00e1vn\u011b. Tato firma s mnohaletou tradic\u00ed u\u017e uspokojila hodn\u011b dlouhou \u0159adu t\u011bch, kdo pot\u0159ebovali do\u010dasn\u011b k dispozici auto, kter\u00e9 postr\u00e1dali. A ur\u010dit\u011b je\u0161t\u011b spoustu dal\u0161\u00edch z\u00e1kazn\u00edk\u016f p\u016fj\u010den\u00edm kvalitn\u00edho vozidla a nab\u00eddkou dal\u0161\u00edch s t\u00edm souvisej\u00edc\u00edch slu\u017eeb pln\u011b uspokoj\u00ed.A i vy m\u016f\u017eete b\u00fdt spokojen\u00fdmi z\u00e1kazn\u00edky t\u00e9to autop\u016fj\u010dovny. Pokud tedy sh\u00e1n\u00edte \u0161pi\u010dkov\u00fd servis za velice v\u00fdhodn\u00e9 ceny.                                                                                                                                                                                                                                                                                                                                                                                          4.2\/5 - (6 votes)        "},{"@context":"https:\/\/schema.org\/","@type":"BreadcrumbList","itemListElement":[{"@type":"ListItem","position":1,"name":"Kde vz\u00edt auto?","item":"https:\/\/www.martilla.cz\/kde-vzit-auto\/#breadcrumbitem"}]}]